{"id":16604,"date":"2020-07-08T14:07:42","date_gmt":"2020-07-08T14:07:42","guid":{"rendered":"https:\/\/www.baslerpapiermuehle.ch\/?p=16604"},"modified":"2020-12-12T11:51:01","modified_gmt":"2020-12-12T11:51:01","slug":"origami-le-monde-colore-du-pliage","status":"publish","type":"post","link":"https:\/\/www.baslerpapiermuehle.ch\/fr\/origami-le-monde-colore-du-pliage\/","title":{"rendered":"Origami &#8211; le monde color\u00e9 du pliage"},"content":{"rendered":"<p>Tous les troisi\u00e8mes dimanches du mois, de 13 h \u00e0 17 h Atelier ouvert avec le groupe d&rsquo;origami Gelterkinden. En raison de la situation actuelle, cette offre ne peut pas \u00eatre r\u00e9alis\u00e9e.<\/p>\n","protected":false},"excerpt":{"rendered":"<p>Tous les troisi\u00e8mes dimanches du mois, de 13 h \u00e0 17 h Atelier ouvert avec le groupe d&rsquo;origami Gelterkinden. En raison de la situation actuelle, cette offre ne peut pas \u00eatre r\u00e9alis\u00e9e.<\/p>\n","protected":false},"author":3,"featured_media":0,"comment_status":"open","ping_status":"open","sticky":false,"template":"","format":"standard","meta":{"_acf_changed":false,"_et_pb_use_builder":"","_et_pb_old_content":"","_et_gb_content_width":"","footnotes":""},"categories":[84],"tags":[],"class_list":["post-16604","post","type-post","status-publish","format-standard","hentry","category-activities-fr"],"acf":[],"yoast_head":"<!-- This site is optimized with the Yoast SEO plugin v26.8 - https:\/\/yoast.com\/product\/yoast-seo-wordpress\/ -->\n<title>Origami - le monde color\u00e9 du pliage - Basler Papierm\u00fchle<\/title>\n<meta name=\"robots\" content=\"noindex, follow\" \/>\n<meta property=\"og:locale\" content=\"fr_FR\" \/>\n<meta property=\"og:type\" content=\"article\" \/>\n<meta property=\"og:title\" content=\"Origami - le monde color\u00e9 du pliage - Basler Papierm\u00fchle\" \/>\n<meta property=\"og:description\" content=\"Tous les troisi\u00e8mes dimanches du mois, de 13 h \u00e0 17 h Atelier ouvert avec le groupe d&rsquo;origami Gelterkinden. En raison de la situation actuelle, cette offre ne peut pas \u00eatre r\u00e9alis\u00e9e.\" \/>\n<meta property=\"og:url\" content=\"https:\/\/www.baslerpapiermuehle.ch\/origami-le-monde-colore-du-pliage\/?lang=fr\" \/>\n<meta property=\"og:site_name\" content=\"Basler Papierm\u00fchle\" \/>\n<meta property=\"article:publisher\" content=\"https:\/\/www.facebook.com\/baslerpapiermuehle\/\" \/>\n<meta property=\"article:published_time\" content=\"2020-07-08T14:07:42+00:00\" \/>\n<meta property=\"article:modified_time\" content=\"2020-12-12T11:51:01+00:00\" \/>\n<meta name=\"author\" content=\"Basler Papier\" \/>\n<meta name=\"twitter:card\" content=\"summary_large_image\" \/>\n<meta name=\"twitter:label1\" content=\"\u00c9crit par\" \/>\n\t<meta name=\"twitter:data1\" content=\"Basler Papier\" \/>\n<script type=\"application\/ld+json\" class=\"yoast-schema-graph\">{\"@context\":\"https:\/\/schema.org\",\"@graph\":[{\"@type\":\"Article\",\"@id\":\"https:\/\/www.baslerpapiermuehle.ch\/origami-le-monde-colore-du-pliage\/?lang=fr#article\",\"isPartOf\":{\"@id\":\"https:\/\/www.baslerpapiermuehle.ch\/origami-le-monde-colore-du-pliage\/?lang=fr\"},\"author\":{\"name\":\"Basler Papier\",\"@id\":\"https:\/\/www.baslerpapiermuehle.ch\/#\/schema\/person\/96d9760fdc1f0cb8e4cfd6123ff2cfa2\"},\"headline\":\"Origami &#8211; le monde color\u00e9 du pliage\",\"datePublished\":\"2020-07-08T14:07:42+00:00\",\"dateModified\":\"2020-12-12T11:51:01+00:00\",\"mainEntityOfPage\":{\"@id\":\"https:\/\/www.baslerpapiermuehle.ch\/origami-le-monde-colore-du-pliage\/?lang=fr\"},\"wordCount\":40,\"commentCount\":0,\"publisher\":{\"@id\":\"https:\/\/www.baslerpapiermuehle.ch\/#organization\"},\"articleSection\":[\"ACTIVITIES\"],\"inLanguage\":\"fr-FR\",\"potentialAction\":[{\"@type\":\"CommentAction\",\"name\":\"Comment\",\"target\":[\"https:\/\/www.baslerpapiermuehle.ch\/origami-le-monde-colore-du-pliage\/?lang=fr#respond\"]}]},{\"@type\":\"WebPage\",\"@id\":\"https:\/\/www.baslerpapiermuehle.ch\/origami-le-monde-colore-du-pliage\/?lang=fr\",\"url\":\"https:\/\/www.baslerpapiermuehle.ch\/origami-le-monde-colore-du-pliage\/?lang=fr\",\"name\":\"Origami - le monde color\u00e9 du pliage - Basler Papierm\u00fchle\",\"isPartOf\":{\"@id\":\"https:\/\/www.baslerpapiermuehle.ch\/#website\"},\"datePublished\":\"2020-07-08T14:07:42+00:00\",\"dateModified\":\"2020-12-12T11:51:01+00:00\",\"breadcrumb\":{\"@id\":\"https:\/\/www.baslerpapiermuehle.ch\/origami-le-monde-colore-du-pliage\/?lang=fr#breadcrumb\"},\"inLanguage\":\"fr-FR\",\"potentialAction\":[{\"@type\":\"ReadAction\",\"target\":[\"https:\/\/www.baslerpapiermuehle.ch\/origami-le-monde-colore-du-pliage\/?lang=fr\"]}]},{\"@type\":\"BreadcrumbList\",\"@id\":\"https:\/\/www.baslerpapiermuehle.ch\/origami-le-monde-colore-du-pliage\/?lang=fr#breadcrumb\",\"itemListElement\":[{\"@type\":\"ListItem\",\"position\":1,\"name\":\"Home\",\"item\":\"https:\/\/www.baslerpapiermuehle.ch\/fr\/home-fr\/\"},{\"@type\":\"ListItem\",\"position\":2,\"name\":\"Origami &#8211; le monde color\u00e9 du pliage\"}]},{\"@type\":\"WebSite\",\"@id\":\"https:\/\/www.baslerpapiermuehle.ch\/#website\",\"url\":\"https:\/\/www.baslerpapiermuehle.ch\/\",\"name\":\"Basler Papierm\u00fchle - Swiss Museum for Paper, Writing and Printing\",\"description\":\"Swiss Museum for Paper, Writing and Printing\",\"publisher\":{\"@id\":\"https:\/\/www.baslerpapiermuehle.ch\/#organization\"},\"potentialAction\":[{\"@type\":\"SearchAction\",\"target\":{\"@type\":\"EntryPoint\",\"urlTemplate\":\"https:\/\/www.baslerpapiermuehle.ch\/?s={search_term_string}\"},\"query-input\":{\"@type\":\"PropertyValueSpecification\",\"valueRequired\":true,\"valueName\":\"search_term_string\"}}],\"inLanguage\":\"fr-FR\"},{\"@type\":\"Organization\",\"@id\":\"https:\/\/www.baslerpapiermuehle.ch\/#organization\",\"name\":\"Basler Papierm\u00fchle Museum\",\"url\":\"https:\/\/www.baslerpapiermuehle.ch\/\",\"logo\":{\"@type\":\"ImageObject\",\"inLanguage\":\"fr-FR\",\"@id\":\"https:\/\/www.baslerpapiermuehle.ch\/#\/schema\/logo\/image\/\",\"url\":\"https:\/\/www.baslerpapiermuehle.ch\/wp-content\/uploads\/2019\/12\/logo-Basler-Papiermuhle-marrone-1.png\",\"contentUrl\":\"https:\/\/www.baslerpapiermuehle.ch\/wp-content\/uploads\/2019\/12\/logo-Basler-Papiermuhle-marrone-1.png\",\"width\":2051,\"height\":530,\"caption\":\"Basler Papierm\u00fchle Museum\"},\"image\":{\"@id\":\"https:\/\/www.baslerpapiermuehle.ch\/#\/schema\/logo\/image\/\"},\"sameAs\":[\"https:\/\/www.facebook.com\/baslerpapiermuehle\/\"]},{\"@type\":\"Person\",\"@id\":\"https:\/\/www.baslerpapiermuehle.ch\/#\/schema\/person\/96d9760fdc1f0cb8e4cfd6123ff2cfa2\",\"name\":\"Basler Papier\",\"image\":{\"@type\":\"ImageObject\",\"inLanguage\":\"fr-FR\",\"@id\":\"https:\/\/www.baslerpapiermuehle.ch\/#\/schema\/person\/image\/\",\"url\":\"https:\/\/secure.gravatar.com\/avatar\/b545f17fd371c6b8a61d97fbfe7e1cbfd859b2d6d7c3b0b5e2f22fb3b6e138aa?s=96&d=mm&r=g\",\"contentUrl\":\"https:\/\/secure.gravatar.com\/avatar\/b545f17fd371c6b8a61d97fbfe7e1cbfd859b2d6d7c3b0b5e2f22fb3b6e138aa?s=96&d=mm&r=g\",\"caption\":\"Basler Papier\"},\"url\":\"https:\/\/www.baslerpapiermuehle.ch\/fr\/author\/dev_wukekl\/\"}]}<\/script>\n<!-- \/ Yoast SEO plugin. -->","yoast_head_json":{"title":"Origami - le monde color\u00e9 du pliage - Basler Papierm\u00fchle","robots":{"index":"noindex","follow":"follow"},"og_locale":"fr_FR","og_type":"article","og_title":"Origami - le monde color\u00e9 du pliage - Basler Papierm\u00fchle","og_description":"Tous les troisi\u00e8mes dimanches du mois, de 13 h \u00e0 17 h Atelier ouvert avec le groupe d&rsquo;origami Gelterkinden. En raison de la situation actuelle, cette offre ne peut pas \u00eatre r\u00e9alis\u00e9e.","og_url":"https:\/\/www.baslerpapiermuehle.ch\/origami-le-monde-colore-du-pliage\/?lang=fr","og_site_name":"Basler Papierm\u00fchle","article_publisher":"https:\/\/www.facebook.com\/baslerpapiermuehle\/","article_published_time":"2020-07-08T14:07:42+00:00","article_modified_time":"2020-12-12T11:51:01+00:00","author":"Basler Papier","twitter_card":"summary_large_image","twitter_misc":{"\u00c9crit par":"Basler Papier"},"schema":{"@context":"https:\/\/schema.org","@graph":[{"@type":"Article","@id":"https:\/\/www.baslerpapiermuehle.ch\/origami-le-monde-colore-du-pliage\/?lang=fr#article","isPartOf":{"@id":"https:\/\/www.baslerpapiermuehle.ch\/origami-le-monde-colore-du-pliage\/?lang=fr"},"author":{"name":"Basler Papier","@id":"https:\/\/www.baslerpapiermuehle.ch\/#\/schema\/person\/96d9760fdc1f0cb8e4cfd6123ff2cfa2"},"headline":"Origami &#8211; le monde color\u00e9 du pliage","datePublished":"2020-07-08T14:07:42+00:00","dateModified":"2020-12-12T11:51:01+00:00","mainEntityOfPage":{"@id":"https:\/\/www.baslerpapiermuehle.ch\/origami-le-monde-colore-du-pliage\/?lang=fr"},"wordCount":40,"commentCount":0,"publisher":{"@id":"https:\/\/www.baslerpapiermuehle.ch\/#organization"},"articleSection":["ACTIVITIES"],"inLanguage":"fr-FR","potentialAction":[{"@type":"CommentAction","name":"Comment","target":["https:\/\/www.baslerpapiermuehle.ch\/origami-le-monde-colore-du-pliage\/?lang=fr#respond"]}]},{"@type":"WebPage","@id":"https:\/\/www.baslerpapiermuehle.ch\/origami-le-monde-colore-du-pliage\/?lang=fr","url":"https:\/\/www.baslerpapiermuehle.ch\/origami-le-monde-colore-du-pliage\/?lang=fr","name":"Origami - le monde color\u00e9 du pliage - Basler Papierm\u00fchle","isPartOf":{"@id":"https:\/\/www.baslerpapiermuehle.ch\/#website"},"datePublished":"2020-07-08T14:07:42+00:00","dateModified":"2020-12-12T11:51:01+00:00","breadcrumb":{"@id":"https:\/\/www.baslerpapiermuehle.ch\/origami-le-monde-colore-du-pliage\/?lang=fr#breadcrumb"},"inLanguage":"fr-FR","potentialAction":[{"@type":"ReadAction","target":["https:\/\/www.baslerpapiermuehle.ch\/origami-le-monde-colore-du-pliage\/?lang=fr"]}]},{"@type":"BreadcrumbList","@id":"https:\/\/www.baslerpapiermuehle.ch\/origami-le-monde-colore-du-pliage\/?lang=fr#breadcrumb","itemListElement":[{"@type":"ListItem","position":1,"name":"Home","item":"https:\/\/www.baslerpapiermuehle.ch\/fr\/home-fr\/"},{"@type":"ListItem","position":2,"name":"Origami &#8211; le monde color\u00e9 du pliage"}]},{"@type":"WebSite","@id":"https:\/\/www.baslerpapiermuehle.ch\/#website","url":"https:\/\/www.baslerpapiermuehle.ch\/","name":"Basler Papierm\u00fchle - Swiss Museum for Paper, Writing and Printing","description":"Swiss Museum for Paper, Writing and Printing","publisher":{"@id":"https:\/\/www.baslerpapiermuehle.ch\/#organization"},"potentialAction":[{"@type":"SearchAction","target":{"@type":"EntryPoint","urlTemplate":"https:\/\/www.baslerpapiermuehle.ch\/?s={search_term_string}"},"query-input":{"@type":"PropertyValueSpecification","valueRequired":true,"valueName":"search_term_string"}}],"inLanguage":"fr-FR"},{"@type":"Organization","@id":"https:\/\/www.baslerpapiermuehle.ch\/#organization","name":"Basler Papierm\u00fchle Museum","url":"https:\/\/www.baslerpapiermuehle.ch\/","logo":{"@type":"ImageObject","inLanguage":"fr-FR","@id":"https:\/\/www.baslerpapiermuehle.ch\/#\/schema\/logo\/image\/","url":"https:\/\/www.baslerpapiermuehle.ch\/wp-content\/uploads\/2019\/12\/logo-Basler-Papiermuhle-marrone-1.png","contentUrl":"https:\/\/www.baslerpapiermuehle.ch\/wp-content\/uploads\/2019\/12\/logo-Basler-Papiermuhle-marrone-1.png","width":2051,"height":530,"caption":"Basler Papierm\u00fchle Museum"},"image":{"@id":"https:\/\/www.baslerpapiermuehle.ch\/#\/schema\/logo\/image\/"},"sameAs":["https:\/\/www.facebook.com\/baslerpapiermuehle\/"]},{"@type":"Person","@id":"https:\/\/www.baslerpapiermuehle.ch\/#\/schema\/person\/96d9760fdc1f0cb8e4cfd6123ff2cfa2","name":"Basler Papier","image":{"@type":"ImageObject","inLanguage":"fr-FR","@id":"https:\/\/www.baslerpapiermuehle.ch\/#\/schema\/person\/image\/","url":"https:\/\/secure.gravatar.com\/avatar\/b545f17fd371c6b8a61d97fbfe7e1cbfd859b2d6d7c3b0b5e2f22fb3b6e138aa?s=96&d=mm&r=g","contentUrl":"https:\/\/secure.gravatar.com\/avatar\/b545f17fd371c6b8a61d97fbfe7e1cbfd859b2d6d7c3b0b5e2f22fb3b6e138aa?s=96&d=mm&r=g","caption":"Basler Papier"},"url":"https:\/\/www.baslerpapiermuehle.ch\/fr\/author\/dev_wukekl\/"}]}},"_links":{"self":[{"href":"https:\/\/www.baslerpapiermuehle.ch\/fr\/wp-json\/wp\/v2\/posts\/16604","targetHints":{"allow":["GET"]}}],"collection":[{"href":"https:\/\/www.baslerpapiermuehle.ch\/fr\/wp-json\/wp\/v2\/posts"}],"about":[{"href":"https:\/\/www.baslerpapiermuehle.ch\/fr\/wp-json\/wp\/v2\/types\/post"}],"author":[{"embeddable":true,"href":"https:\/\/www.baslerpapiermuehle.ch\/fr\/wp-json\/wp\/v2\/users\/3"}],"replies":[{"embeddable":true,"href":"https:\/\/www.baslerpapiermuehle.ch\/fr\/wp-json\/wp\/v2\/comments?post=16604"}],"version-history":[{"count":0,"href":"https:\/\/www.baslerpapiermuehle.ch\/fr\/wp-json\/wp\/v2\/posts\/16604\/revisions"}],"wp:attachment":[{"href":"https:\/\/www.baslerpapiermuehle.ch\/fr\/wp-json\/wp\/v2\/media?parent=16604"}],"wp:term":[{"taxonomy":"category","embeddable":true,"href":"https:\/\/www.baslerpapiermuehle.ch\/fr\/wp-json\/wp\/v2\/categories?post=16604"},{"taxonomy":"post_tag","embeddable":true,"href":"https:\/\/www.baslerpapiermuehle.ch\/fr\/wp-json\/wp\/v2\/tags?post=16604"}],"curies":[{"name":"wp","href":"https:\/\/api.w.org\/{rel}","templated":true}]}}